{"id":550,"date":"2022-09-15T13:54:21","date_gmt":"2022-09-15T13:54:21","guid":{"rendered":"http:\/\/jonas-hornung.de\/?p=550"},"modified":"2022-09-15T13:54:50","modified_gmt":"2022-09-15T13:54:50","slug":"kunst-im-leerstand-muenchberg","status":"publish","type":"post","link":"https:\/\/jonas-hornung.de\/?p=550","title":{"rendered":"Kunst im Leerstand &#8211; M\u00fcnchberg"},"content":{"rendered":"\n<p>Der Arbeitskreis Kunst der Stadtjugend M\u00fcnchberg e.V. veranstaltet zum 50-j\u00e4hrigen Jubil\u00e4um ein ganz besonderes Event f\u00fcr alle Besucher aus der Region.<\/p>\n\n\n\n<p class=\"has-text-align-right\"><em>\u201eDie Menschen m\u00fcssen nur darauf aufmerksam gemacht werden, wie sch\u00f6n wir es in unserem M\u00fcnchberg haben und was es noch zu tun gibt\u201c&nbsp;<\/em><br>meinen die Initiatoren&nbsp;<strong>Udo R\u00f6del<\/strong>&nbsp;und&nbsp;<strong>Sebastian Wa\u00dfmann<\/strong>.<\/p>\n\n\n\n<figure class=\"wp-block-image size-full\"><img loading=\"lazy\" decoding=\"async\" width=\"725\" height=\"1024\" src=\"http:\/\/jonas-hornung.de\/wp-content\/uploads\/2022\/09\/image.png\" alt=\"\" class=\"wp-image-551\" srcset=\"https:\/\/jonas-hornung.de\/wp-content\/uploads\/2022\/09\/image.png 725w, https:\/\/jonas-hornung.de\/wp-content\/uploads\/2022\/09\/image-212x300.png 212w\" sizes=\"auto, (max-width: 725px) 100vw, 725px\" \/><\/figure>\n\n\n\n<p>Und deshalb m\u00f6chten sie im Rahmen des Jubil\u00e4ums von \u201e50 Jahre AK- Kunst, 30 Jahre Workshops, 20 Jahre Junge- KUNSTschule und 40 Jahre B\u00fcrgerzentrum M\u00fcnchberg mit einer Zwischennutzungsidee von Leerst\u00e4nden die Innenstadt f\u00fcr einen einmonatigen Zeitraum mit Kunstobjekten versch\u00f6nern. Hierf\u00fcr konnten sechs K\u00fcnstler geworben werden, die M\u00f6glichkeit nutzen werden, ihre Kunst in ausgew\u00e4hlten Leerst\u00e4nden auszustellen.<\/p>\n\n\n\n<p>Zum Rundgang erscheint ein Flyer in digitaler und analoger Form, der sie begleitet. Das Event beginnt mit dem Start des Stadtfestes am 17. September 2022 um 19 Uhr mit einer Ausstellungser\u00f6ffnung aller Beteiligten in der Galerie im B\u00fcrgerzentrum der Stadt M\u00fcnchberg.<\/p>\n\n\n\n<p>Eine Veranstaltung im Rahmen von \u201eARTUR\u201c des Berufsverbandes Bildender K\u00fcnstler in Oberfranken mit Udo R\u00f6del und seinen G\u00e4sten Doris Bocka, Elfi H\u00fcbner, August Zeitler, Jonas Hornung und Sebastian Wa\u00dfmann, sowie dem Juku-Mobil Fichtelgebirge und Hofer Land.<\/p>\n\n\n\n<p>Alle Ausstellungsorte sind zum Stadtfest am 18.09. von 14:00 bis 17:00 Uhr ge\u00f6ffnet. Alle K\u00fcnstler w\u00fcrden sie gerne vor Ort begr\u00fc\u00dfen.<\/p>\n\n\n\n<p><strong>Er\u00f6ffnung B\u00fcrgermeister Zuber<\/strong><\/p>\n\n\n\n<ul class=\"wp-block-list\"><li>Dauer der Ausstellung vom 17.09. bis 16.19. 2022<\/li><li>\u00d6ffnungszeiten: Di bis Frei von 17:00 bis 19:00 Uhrund am Sonntag von 15:00 bis 17:00 Uhr<\/li><li>Galerie im B\u00fcrgerzentrum&nbsp; | B\u00fcrgermeister-Specht-Platz 3 (ehemals Kanalstra\u00dfe 3) 95213 M\u00fcnchberg<\/li><li>Kontakt: 09251\/5288&nbsp;\u2013 stadtjugend@muenchberg \u2013&nbsp;<a href=\"http:\/\/www.ak-kunst.de\/\">www.ak-kunst.de<\/a><\/li><\/ul>\n","protected":false},"excerpt":{"rendered":"<p>Der Arbeitskreis Kunst der Stadtjugend M\u00fcnchberg e.V. veranstaltet zum 50-j\u00e4hrigen Jubil\u00e4um ein ganz besonderes Event f\u00fcr alle Besucher aus der Region. \u201eDie Menschen m\u00fcssen nur darauf aufmerksam gemacht werden, wie sch\u00f6n wir es in unserem M\u00fcnchberg haben und was es noch zu tun gibt\u201c&nbsp;meinen die Initiatoren&nbsp;Udo R\u00f6del&nbsp;und&nbsp;Sebastian Wa\u00dfmann. Und deshalb m\u00f6chten sie im Rahmen des &hellip; <\/p>\n<p class=\"link-more\"><a href=\"https:\/\/jonas-hornung.de\/?p=550\" class=\"more-link\"><span class=\"screen-reader-text\">\u201eKunst im Leerstand &#8211; M\u00fcnchberg\u201c<\/span> weiterlesen<\/a><\/p>\n","protected":false},"author":1,"featured_media":0,"comment_status":"closed","ping_status":"closed","sticky":false,"template":"","format":"standard","meta":{"ngg_post_thumbnail":0,"footnotes":""},"categories":[1],"tags":[],"class_list":["post-550","post","type-post","status-publish","format-standard","hentry","category-uncategorized"],"_links":{"self":[{"href":"https:\/\/jonas-hornung.de\/index.php?rest_route=\/wp\/v2\/posts\/550","targetHints":{"allow":["GET"]}}],"collection":[{"href":"https:\/\/jonas-hornung.de\/index.php?rest_route=\/wp\/v2\/posts"}],"about":[{"href":"https:\/\/jonas-hornung.de\/index.php?rest_route=\/wp\/v2\/types\/post"}],"author":[{"embeddable":true,"href":"https:\/\/jonas-hornung.de\/index.php?rest_route=\/wp\/v2\/users\/1"}],"replies":[{"embeddable":true,"href":"https:\/\/jonas-hornung.de\/index.php?rest_route=%2Fwp%2Fv2%2Fcomments&post=550"}],"version-history":[{"count":2,"href":"https:\/\/jonas-hornung.de\/index.php?rest_route=\/wp\/v2\/posts\/550\/revisions"}],"predecessor-version":[{"id":553,"href":"https:\/\/jonas-hornung.de\/index.php?rest_route=\/wp\/v2\/posts\/550\/revisions\/553"}],"wp:attachment":[{"href":"https:\/\/jonas-hornung.de\/index.php?rest_route=%2Fwp%2Fv2%2Fmedia&parent=550"}],"wp:term":[{"taxonomy":"category","embeddable":true,"href":"https:\/\/jonas-hornung.de\/index.php?rest_route=%2Fwp%2Fv2%2Fcategories&post=550"},{"taxonomy":"post_tag","embeddable":true,"href":"https:\/\/jonas-hornung.de\/index.php?rest_route=%2Fwp%2Fv2%2Ftags&post=550"}],"curies":[{"name":"wp","href":"https:\/\/api.w.org\/{rel}","templated":true}]}}