{"id":443,"date":"2020-06-25T13:50:55","date_gmt":"2020-06-25T13:50:55","guid":{"rendered":"http:\/\/jonas-hornung.de\/?p=443"},"modified":"2020-06-25T13:54:54","modified_gmt":"2020-06-25T13:54:54","slug":"galerie-im-buez-oeffnet-wieder","status":"publish","type":"post","link":"https:\/\/jonas-hornung.de\/?p=443","title":{"rendered":"Galerie im B\u00fcZ \u00f6ffnet wieder!"},"content":{"rendered":"\n<p>Ausstellung&nbsp;<strong>\u201cBegegnungen\u201c<\/strong>&nbsp;mit&nbsp;<strong>Arbeiten von Jonas Hornung (Gerolzhofen) ist an Sonntagen wieder ge\u00f6ffnet<\/strong>!<\/p>\n\n\n\n<p><strong>Die Ausstellung wird verl\u00e4ngert<\/strong>&nbsp;<strong>in der Galerie im B\u00fcrgerzentrum<\/strong>&nbsp;<strong>der Stadt M\u00fcnchberg<\/strong>!<\/p>\n\n\n\n<div class=\"wp-block-image\"><figure class=\"aligncenter size-large is-resized\"><img loading=\"lazy\" decoding=\"async\" src=\"http:\/\/jonas-hornung.de\/wp-content\/uploads\/2020\/03\/M\u00fcnchberg_2020_19.jpg\" alt=\"\" class=\"wp-image-390\" width=\"251\" height=\"378\" srcset=\"https:\/\/jonas-hornung.de\/wp-content\/uploads\/2020\/03\/M\u00fcnchberg_2020_19.jpg 532w, https:\/\/jonas-hornung.de\/wp-content\/uploads\/2020\/03\/M\u00fcnchberg_2020_19-200x300.jpg 200w\" sizes=\"auto, (max-width: 251px) 100vw, 251px\" \/><\/figure><\/div>\n\n\n\n<p>\u00d6ffnungszeiten: in Coronazeiten war die Ausstellung geschlossen und wird nun ab kommenden Sonntag bis 26.07.2020 verl\u00e4ngert und ist nun auch wieder ge\u00f6ffnet und f\u00fcr das Publikum zu sehen. Zum Schutze der Jugendarbeit \u00f6ffnet die Ausstellung nur an Sonntagen von 15 bis 18 Uhr!<\/p>\n\n\n\n<p>Galerie im B\u00fcrgerzentrum der Stadt M\u00fcnchberg<br>B\u00fcrgermeister-Specht-Platz 3 (ehemals Kanalstra\u00dfe 3)<br>95213 M\u00fcnchberg<\/p>\n\n\n\n<p>Arbeitskreis Kunst der Stadtjugend M\u00fcnchberg e.V.<\/p>\n","protected":false},"excerpt":{"rendered":"<p>Ausstellung&nbsp;\u201cBegegnungen\u201c&nbsp;mit&nbsp;Arbeiten von Jonas Hornung (Gerolzhofen) ist an Sonntagen wieder ge\u00f6ffnet! Die Ausstellung wird verl\u00e4ngert&nbsp;in der Galerie im B\u00fcrgerzentrum&nbsp;der Stadt M\u00fcnchberg! \u00d6ffnungszeiten: in Coronazeiten war die Ausstellung geschlossen und wird nun ab kommenden Sonntag bis 26.07.2020 verl\u00e4ngert und ist nun auch wieder ge\u00f6ffnet und f\u00fcr das Publikum zu sehen. Zum Schutze der Jugendarbeit \u00f6ffnet die Ausstellung &hellip; <\/p>\n<p class=\"link-more\"><a href=\"https:\/\/jonas-hornung.de\/?p=443\" class=\"more-link\"><span class=\"screen-reader-text\">\u201eGalerie im B\u00fcZ \u00f6ffnet wieder!\u201c<\/span> weiterlesen<\/a><\/p>\n","protected":false},"author":1,"featured_media":0,"comment_status":"closed","ping_status":"closed","sticky":false,"template":"","format":"standard","meta":{"ngg_post_thumbnail":0,"footnotes":""},"categories":[1],"tags":[],"class_list":["post-443","post","type-post","status-publish","format-standard","hentry","category-uncategorized"],"_links":{"self":[{"href":"https:\/\/jonas-hornung.de\/index.php?rest_route=\/wp\/v2\/posts\/443","targetHints":{"allow":["GET"]}}],"collection":[{"href":"https:\/\/jonas-hornung.de\/index.php?rest_route=\/wp\/v2\/posts"}],"about":[{"href":"https:\/\/jonas-hornung.de\/index.php?rest_route=\/wp\/v2\/types\/post"}],"author":[{"embeddable":true,"href":"https:\/\/jonas-hornung.de\/index.php?rest_route=\/wp\/v2\/users\/1"}],"replies":[{"embeddable":true,"href":"https:\/\/jonas-hornung.de\/index.php?rest_route=%2Fwp%2Fv2%2Fcomments&post=443"}],"version-history":[{"count":3,"href":"https:\/\/jonas-hornung.de\/index.php?rest_route=\/wp\/v2\/posts\/443\/revisions"}],"predecessor-version":[{"id":446,"href":"https:\/\/jonas-hornung.de\/index.php?rest_route=\/wp\/v2\/posts\/443\/revisions\/446"}],"wp:attachment":[{"href":"https:\/\/jonas-hornung.de\/index.php?rest_route=%2Fwp%2Fv2%2Fmedia&parent=443"}],"wp:term":[{"taxonomy":"category","embeddable":true,"href":"https:\/\/jonas-hornung.de\/index.php?rest_route=%2Fwp%2Fv2%2Fcategories&post=443"},{"taxonomy":"post_tag","embeddable":true,"href":"https:\/\/jonas-hornung.de\/index.php?rest_route=%2Fwp%2Fv2%2Ftags&post=443"}],"curies":[{"name":"wp","href":"https:\/\/api.w.org\/{rel}","templated":true}]}}